{"id":2456,"date":"2014-11-17T10:07:57","date_gmt":"2014-11-17T10:07:57","guid":{"rendered":"http:\/\/tempsobert.pfdorado.com\/wp\/?p=2456"},"modified":"2014-11-17T10:07:57","modified_gmt":"2014-11-17T10:07:57","slug":"45","status":"publish","type":"post","link":"https:\/\/tempsobert.pfdorado.com\/wp\/blog\/2014\/11\/17\/45\/","title":{"rendered":"45"},"content":{"rendered":"<p>I els llavis li tremolaven amb el plor que li desencaixava la cara d&#8217;on el morri\u00f3 havia lliscat, i les mans, obstinades, continuaven gratant la fusta on va anar perdent fragments d&#8217;ungla fins que la petita veu t\u00e8bia, que tamb\u00e9 plorava, digu\u00e9 al seu costat:<br \/>\n&#8211; I la mare, Alba?<br \/>\nEn D\u00eddac l&#8217;havia seguida des de la resclosa, havia recorregut com ella els carrers visitats per la mort, havia saltat muntanyes de runa i, pel laberint dels carrerons, acabava de fer cap al seu cau. Perqu\u00e8 vivia all\u00ed, al costat, amb la Margarida que, anys enrera, se&#8217;n va anar a servir a fora i va deixar-se prenyar per un negre.<br \/>\nL&#8217;Alba se li abra\u00e7\u00e0, el va pr\u00e9mer contra seu amb un gest desesperat, per\u00f2 va interrompre el por que encara li nuava la gola i es va anar redre\u00e7ant, sostinguda pel cos infantil, de nou anys, que pidolava amb un somiqueig:<br \/>\n&#8211; No s&#8217;ha mort, oi?<\/p>\n<p>I s&#8217;havia mort. La van trobar als peus del fog\u00f3. Despr\u00e9s d&#8217;haver penetrat a la casa per un forat del sostre, i encara tenia a les mans una cullera amb qu\u00e8 devia estar a punt de remenar la pasta que es veia en una olla de terrissa, intacta.<br \/>\nEl noi va abra\u00e7ar-se-li amb un renill de bestiola i la cridava com si ella dorm\u00eds i la volgu\u00e9s fer despertar mentre l&#8217;Alba li amoixava els cabells arrissats i els deixava desfogar, ara amb els ulls eixuts, tot i que el cor se li inflava com si les ll\u00e0grimes brollessin all\u00ed, en les clivelles dels batecs ar\u00edtmics.<br \/>\nDespr\u00e9s en D\u00eddac va arrapar-se-li com una n\u00e0ufrag que s&#8217;agafa en una fusta i li mull\u00e0 les galtes amb el seu plor tot balbucejant mots sense sentit. Ella digu\u00e9:<br \/>\n&#8211; Deuen haver matat tothom.<\/p>\n<p>I quan li explicava all\u00f2 dels avions, que ell no havia vist perqu\u00e8 era sota l&#8217;aigua, van sentir un inesperat refilet que els va fer girar cap a la finestra del pati, que conservava l&#8217;ampit, i, de seguida, van veure la g\u00e0bia, sencera, de l&#8217;ocell, que movia les ales.<br \/>\n&#8211; La cadernera?<br \/>\nEn D\u00eddac va despendre les seues mans del coll de l&#8217;Alba i es va redre\u00e7ar.<br \/>\n&#8211; La Xica&#8230;<br \/>\nLa noia, esperan\u00e7ada, es premia les mans contra els pits per tal d&#8217;aquietar el cor que gaireb\u00e9 li saltava.<br \/>\n&#8211; No estem sols, D\u00eddac, no estem sols!<\/p>\n","protected":false},"excerpt":{"rendered":"<p>I els llavis li tremolaven amb el plor que li desencaixava la cara d&#8217;on el morri\u00f3 havia lliscat, i les mans, obstinades, continuaven gratant la fusta on va anar perdent fragments d&#8217;ungla fins que la petita veu t\u00e8bia, que tamb\u00e9 plorava, digu\u00e9 al seu costat: &#8211; I la mare, Alba? En D\u00eddac l&#8217;havia seguida des de la resclosa, havia recorregut com ella els carrers visitats per la mort, havia saltat muntanyes de runa i, pel laberint dels carrerons, acabava de fer cap al seu cau. Perqu\u00e8 vivia all\u00ed, al costat, amb la Margarida que, anys enrera, se&#8217;n va anar a servir a fora i va deixar-se prenyar per un negre. L&#8217;Alba se li abra\u00e7\u00e0, el va pr\u00e9mer contra seu amb un gest desesperat, per\u00f2 va interrompre el por que encara li nuava la gola i es va anar redre\u00e7ant, sostinguda pel cos infantil, de nou anys, que pidolava amb un somiqueig: &#8211; No s&#8217;ha mort, oi? I s&#8217;havia mort. La van trobar als peus del fog\u00f3. Despr\u00e9s d&#8217;haver penetrat a la casa per un forat del sostre, i encara tenia a les mans una cullera amb qu\u00e8 devia estar a punt de remenar la pasta que es veia en una olla de terrissa, intacta. El noi va abra\u00e7ar-se-li amb un renill de bestiola i la cridava com si ella dorm\u00eds i la volgu\u00e9s fer despertar mentre l&#8217;Alba li amoixava els cabells arrissats i els deixava desfogar, ara amb els ulls eixuts, tot i que el cor se li inflava com si les ll\u00e0grimes brollessin all\u00ed, en les clivelles dels batecs ar\u00edtmics. Despr\u00e9s en D\u00eddac va arrapar-se-li com una n\u00e0ufrag que s&#8217;agafa en una fusta i li mull\u00e0 les galtes amb el seu plor tot balbucejant mots sense sentit. Ella digu\u00e9: &#8211; Deuen haver matat tothom. I quan li explicava all\u00f2 \u2026 <a class=\"continue-reading-link\" href=\"https:\/\/tempsobert.pfdorado.com\/wp\/blog\/2014\/11\/17\/45\/\"> Continue reading<\/a><\/p>\n","protected":false},"author":14,"featured_media":0,"comment_status":"closed","ping_status":"closed","sticky":false,"template":"","format":"standard","meta":{"footnotes":""},"categories":[8],"tags":[],"class_list":["post-2456","post","type-post","status-publish","format-standard","hentry","category-catala"],"_links":{"self":[{"href":"https:\/\/tempsobert.pfdorado.com\/wp\/wp-json\/wp\/v2\/posts\/2456","targetHints":{"allow":["GET"]}}],"collection":[{"href":"https:\/\/tempsobert.pfdorado.com\/wp\/wp-json\/wp\/v2\/posts"}],"about":[{"href":"https:\/\/tempsobert.pfdorado.com\/wp\/wp-json\/wp\/v2\/types\/post"}],"author":[{"embeddable":true,"href":"https:\/\/tempsobert.pfdorado.com\/wp\/wp-json\/wp\/v2\/users\/14"}],"replies":[{"embeddable":true,"href":"https:\/\/tempsobert.pfdorado.com\/wp\/wp-json\/wp\/v2\/comments?post=2456"}],"version-history":[{"count":1,"href":"https:\/\/tempsobert.pfdorado.com\/wp\/wp-json\/wp\/v2\/posts\/2456\/revisions"}],"predecessor-version":[{"id":2457,"href":"https:\/\/tempsobert.pfdorado.com\/wp\/wp-json\/wp\/v2\/posts\/2456\/revisions\/2457"}],"wp:attachment":[{"href":"https:\/\/tempsobert.pfdorado.com\/wp\/wp-json\/wp\/v2\/media?parent=2456"}],"wp:term":[{"taxonomy":"category","embeddable":true,"href":"https:\/\/tempsobert.pfdorado.com\/wp\/wp-json\/wp\/v2\/categories?post=2456"},{"taxonomy":"post_tag","embeddable":true,"href":"https:\/\/tempsobert.pfdorado.com\/wp\/wp-json\/wp\/v2\/tags?post=2456"}],"curies":[{"name":"wp","href":"https:\/\/api.w.org\/{rel}","templated":true}]}}